{"id":195993,"date":"2025-12-23T08:04:00","date_gmt":"2025-12-23T07:04:00","guid":{"rendered":"https:\/\/www.fu1838.org\/2025\/12\/23\/visita-a-la-reial-academia-de-bones-lletres\/"},"modified":"2026-01-16T10:44:04","modified_gmt":"2026-01-16T09:44:04","slug":"visita-a-la-reial-academia-de-bones-lletres","status":"publish","type":"post","link":"https:\/\/www.fu1838.org\/ca\/2025\/12\/23\/visita-a-la-reial-academia-de-bones-lletres\/","title":{"rendered":"Visita a la Reial Acad\u00e8mia de Bones Lletres"},"content":{"rendered":"\n<p>El passat 19 de desembre de 2025, representants del Patronat de la Fundaci\u00f3 Uriach van visitar la Reial Acad\u00e8mia de les Bones Lletres, situada al centre de Barcelona.<\/p>\n\n<p>Durant el recorregut, guiat pel president de la instituci\u00f3, el Dr. Borja de Riquer i Permanyer, van poder con\u00e8ixer la hist\u00f2ria i les activitats de l\u2019Acad\u00e8mia, aix\u00ed com el seu valu\u00f3s patrimoni. Aquest inclou un arxiu, resultat documental de gaireb\u00e9 tres-cents anys d\u2019exist\u00e8ncia, i una biblioteca de gran rellev\u00e0ncia, amb m\u00e9s de 70.000 exemplars, \u00fanica en la seva tipologia per ser una biblioteca patrimonial especialitzada en humanitats catalanes.<\/p>\n\n<p><\/p>\n","protected":false},"excerpt":{"rendered":"<p>El passat 19 de desembre de 2025, representants del Patronat de la Fundaci\u00f3 Uriach van visitar la Reial Acad\u00e8mia de les Bones Lletres, situada al centre de Barcelona. Durant el recorregut, guiat pel president de la instituci\u00f3, el Dr. Borja de Riquer i Permanyer, van poder con\u00e8ixer la hist\u00f2ria i les activitats de l\u2019Acad\u00e8mia, aix\u00ed [&hellip;]<\/p>\n","protected":false},"author":6,"featured_media":195990,"comment_status":"closed","ping_status":"open","sticky":false,"template":"","format":"standard","meta":{"_acf_changed":false,"footnotes":""},"categories":[68],"tags":[],"class_list":["post-195993","post","type-post","status-publish","format-standard","has-post-thumbnail","hentry","category-sin-categorizar-ca"],"acf":[],"yoast_head":"<!-- This site is optimized with the Yoast SEO plugin v24.1 - https:\/\/yoast.com\/wordpress\/plugins\/seo\/ -->\n<title>Visita a la Reial Acad\u00e8mia de Bones Lletres - Fundaci\u00f3n Uriach<\/title>\n<meta name=\"robots\" content=\"index, follow, max-snippet:-1, max-image-preview:large, max-video-preview:-1\" \/>\n<link rel=\"canonical\" href=\"https:\/\/www.fu1838.org\/ca\/2025\/12\/23\/visita-a-la-reial-academia-de-bones-lletres\/\" \/>\n<meta property=\"og:locale\" content=\"ca_ES\" \/>\n<meta property=\"og:type\" content=\"article\" \/>\n<meta property=\"og:title\" content=\"Visita a la Reial Acad\u00e8mia de Bones Lletres - Fundaci\u00f3n Uriach\" \/>\n<meta property=\"og:description\" content=\"El passat 19 de desembre de 2025, representants del Patronat de la Fundaci\u00f3 Uriach van visitar la Reial Acad\u00e8mia de les Bones Lletres, situada al centre de Barcelona. Durant el recorregut, guiat pel president de la instituci\u00f3, el Dr. Borja de Riquer i Permanyer, van poder con\u00e8ixer la hist\u00f2ria i les activitats de l\u2019Acad\u00e8mia, aix\u00ed [&hellip;]\" \/>\n<meta property=\"og:url\" content=\"https:\/\/www.fu1838.org\/ca\/2025\/12\/23\/visita-a-la-reial-academia-de-bones-lletres\/\" \/>\n<meta property=\"og:site_name\" content=\"Fundaci\u00f3n Uriach\" \/>\n<meta property=\"article:published_time\" content=\"2025-12-23T07:04:00+00:00\" \/>\n<meta property=\"article:modified_time\" content=\"2026-01-16T09:44:04+00:00\" \/>\n<meta property=\"og:image\" content=\"https:\/\/www.fu1838.org\/wp-content\/uploads\/2026\/01\/24408.jpg\" \/>\n\t<meta property=\"og:image:width\" content=\"2048\" \/>\n\t<meta property=\"og:image:height\" content=\"1536\" \/>\n\t<meta property=\"og:image:type\" content=\"image\/jpeg\" \/>\n<meta name=\"author\" content=\"EditorUriach\" \/>\n<meta name=\"twitter:card\" content=\"summary_large_image\" \/>\n<meta name=\"twitter:label1\" content=\"Escrit per\" \/>\n\t<meta name=\"twitter:data1\" content=\"EditorUriach\" \/>\n\t<meta name=\"twitter:label2\" content=\"Temps estimat de lectura\" \/>\n\t<meta name=\"twitter:data2\" content=\"1 minut\" \/>\n<script type=\"application\/ld+json\" class=\"yoast-schema-graph\">{\"@context\":\"https:\/\/schema.org\",\"@graph\":[{\"@type\":\"WebPage\",\"@id\":\"https:\/\/www.fu1838.org\/ca\/2025\/12\/23\/visita-a-la-reial-academia-de-bones-lletres\/\",\"url\":\"https:\/\/www.fu1838.org\/ca\/2025\/12\/23\/visita-a-la-reial-academia-de-bones-lletres\/\",\"name\":\"Visita a la Reial Acad\u00e8mia de Bones Lletres - Fundaci\u00f3n Uriach\",\"isPartOf\":{\"@id\":\"https:\/\/www.fu1838.org\/ca\/#website\"},\"primaryImageOfPage\":{\"@id\":\"https:\/\/www.fu1838.org\/ca\/2025\/12\/23\/visita-a-la-reial-academia-de-bones-lletres\/#primaryimage\"},\"image\":{\"@id\":\"https:\/\/www.fu1838.org\/ca\/2025\/12\/23\/visita-a-la-reial-academia-de-bones-lletres\/#primaryimage\"},\"thumbnailUrl\":\"https:\/\/www.fu1838.org\/wp-content\/uploads\/2026\/01\/24408.jpg\",\"datePublished\":\"2025-12-23T07:04:00+00:00\",\"dateModified\":\"2026-01-16T09:44:04+00:00\",\"author\":{\"@id\":\"https:\/\/www.fu1838.org\/ca\/#\/schema\/person\/61780886fb76ac43acb7a25b1c12d50f\"},\"breadcrumb\":{\"@id\":\"https:\/\/www.fu1838.org\/ca\/2025\/12\/23\/visita-a-la-reial-academia-de-bones-lletres\/#breadcrumb\"},\"inLanguage\":\"ca\",\"potentialAction\":[{\"@type\":\"ReadAction\",\"target\":[\"https:\/\/www.fu1838.org\/ca\/2025\/12\/23\/visita-a-la-reial-academia-de-bones-lletres\/\"]}]},{\"@type\":\"ImageObject\",\"inLanguage\":\"ca\",\"@id\":\"https:\/\/www.fu1838.org\/ca\/2025\/12\/23\/visita-a-la-reial-academia-de-bones-lletres\/#primaryimage\",\"url\":\"https:\/\/www.fu1838.org\/wp-content\/uploads\/2026\/01\/24408.jpg\",\"contentUrl\":\"https:\/\/www.fu1838.org\/wp-content\/uploads\/2026\/01\/24408.jpg\",\"width\":2048,\"height\":1536},{\"@type\":\"BreadcrumbList\",\"@id\":\"https:\/\/www.fu1838.org\/ca\/2025\/12\/23\/visita-a-la-reial-academia-de-bones-lletres\/#breadcrumb\",\"itemListElement\":[{\"@type\":\"ListItem\",\"position\":1,\"name\":\"Portada\",\"item\":\"https:\/\/www.fu1838.org\/ca\/\"},{\"@type\":\"ListItem\",\"position\":2,\"name\":\"Visita a la Reial Acad\u00e8mia de Bones Lletres\"}]},{\"@type\":\"WebSite\",\"@id\":\"https:\/\/www.fu1838.org\/ca\/#website\",\"url\":\"https:\/\/www.fu1838.org\/ca\/\",\"name\":\"Fundaci\u00f3n Uriach\",\"description\":\"\",\"potentialAction\":[{\"@type\":\"SearchAction\",\"target\":{\"@type\":\"EntryPoint\",\"urlTemplate\":\"https:\/\/www.fu1838.org\/ca\/?s={search_term_string}\"},\"query-input\":{\"@type\":\"PropertyValueSpecification\",\"valueRequired\":true,\"valueName\":\"search_term_string\"}}],\"inLanguage\":\"ca\"},{\"@type\":\"Person\",\"@id\":\"https:\/\/www.fu1838.org\/ca\/#\/schema\/person\/61780886fb76ac43acb7a25b1c12d50f\",\"name\":\"EditorUriach\",\"image\":{\"@type\":\"ImageObject\",\"inLanguage\":\"ca\",\"@id\":\"https:\/\/www.fu1838.org\/ca\/#\/schema\/person\/image\/\",\"url\":\"https:\/\/secure.gravatar.com\/avatar\/7609de442836e3abeaae054f6527e0686e6b3935b90ac84de9ba850b0800af80?s=96&d=mm&r=g\",\"contentUrl\":\"https:\/\/secure.gravatar.com\/avatar\/7609de442836e3abeaae054f6527e0686e6b3935b90ac84de9ba850b0800af80?s=96&d=mm&r=g\",\"caption\":\"EditorUriach\"},\"url\":\"https:\/\/www.fu1838.org\/ca\/author\/editoruriach\/\"}]}<\/script>\n<!-- \/ Yoast SEO plugin. -->","yoast_head_json":{"title":"Visita a la Reial Acad\u00e8mia de Bones Lletres - Fundaci\u00f3n Uriach","robots":{"index":"index","follow":"follow","max-snippet":"max-snippet:-1","max-image-preview":"max-image-preview:large","max-video-preview":"max-video-preview:-1"},"canonical":"https:\/\/www.fu1838.org\/ca\/2025\/12\/23\/visita-a-la-reial-academia-de-bones-lletres\/","og_locale":"ca_ES","og_type":"article","og_title":"Visita a la Reial Acad\u00e8mia de Bones Lletres - Fundaci\u00f3n Uriach","og_description":"El passat 19 de desembre de 2025, representants del Patronat de la Fundaci\u00f3 Uriach van visitar la Reial Acad\u00e8mia de les Bones Lletres, situada al centre de Barcelona. Durant el recorregut, guiat pel president de la instituci\u00f3, el Dr. Borja de Riquer i Permanyer, van poder con\u00e8ixer la hist\u00f2ria i les activitats de l\u2019Acad\u00e8mia, aix\u00ed [&hellip;]","og_url":"https:\/\/www.fu1838.org\/ca\/2025\/12\/23\/visita-a-la-reial-academia-de-bones-lletres\/","og_site_name":"Fundaci\u00f3n Uriach","article_published_time":"2025-12-23T07:04:00+00:00","article_modified_time":"2026-01-16T09:44:04+00:00","og_image":[{"width":2048,"height":1536,"url":"https:\/\/www.fu1838.org\/wp-content\/uploads\/2026\/01\/24408.jpg","type":"image\/jpeg"}],"author":"EditorUriach","twitter_card":"summary_large_image","twitter_misc":{"Escrit per":"EditorUriach","Temps estimat de lectura":"1 minut"},"schema":{"@context":"https:\/\/schema.org","@graph":[{"@type":"WebPage","@id":"https:\/\/www.fu1838.org\/ca\/2025\/12\/23\/visita-a-la-reial-academia-de-bones-lletres\/","url":"https:\/\/www.fu1838.org\/ca\/2025\/12\/23\/visita-a-la-reial-academia-de-bones-lletres\/","name":"Visita a la Reial Acad\u00e8mia de Bones Lletres - Fundaci\u00f3n Uriach","isPartOf":{"@id":"https:\/\/www.fu1838.org\/ca\/#website"},"primaryImageOfPage":{"@id":"https:\/\/www.fu1838.org\/ca\/2025\/12\/23\/visita-a-la-reial-academia-de-bones-lletres\/#primaryimage"},"image":{"@id":"https:\/\/www.fu1838.org\/ca\/2025\/12\/23\/visita-a-la-reial-academia-de-bones-lletres\/#primaryimage"},"thumbnailUrl":"https:\/\/www.fu1838.org\/wp-content\/uploads\/2026\/01\/24408.jpg","datePublished":"2025-12-23T07:04:00+00:00","dateModified":"2026-01-16T09:44:04+00:00","author":{"@id":"https:\/\/www.fu1838.org\/ca\/#\/schema\/person\/61780886fb76ac43acb7a25b1c12d50f"},"breadcrumb":{"@id":"https:\/\/www.fu1838.org\/ca\/2025\/12\/23\/visita-a-la-reial-academia-de-bones-lletres\/#breadcrumb"},"inLanguage":"ca","potentialAction":[{"@type":"ReadAction","target":["https:\/\/www.fu1838.org\/ca\/2025\/12\/23\/visita-a-la-reial-academia-de-bones-lletres\/"]}]},{"@type":"ImageObject","inLanguage":"ca","@id":"https:\/\/www.fu1838.org\/ca\/2025\/12\/23\/visita-a-la-reial-academia-de-bones-lletres\/#primaryimage","url":"https:\/\/www.fu1838.org\/wp-content\/uploads\/2026\/01\/24408.jpg","contentUrl":"https:\/\/www.fu1838.org\/wp-content\/uploads\/2026\/01\/24408.jpg","width":2048,"height":1536},{"@type":"BreadcrumbList","@id":"https:\/\/www.fu1838.org\/ca\/2025\/12\/23\/visita-a-la-reial-academia-de-bones-lletres\/#breadcrumb","itemListElement":[{"@type":"ListItem","position":1,"name":"Portada","item":"https:\/\/www.fu1838.org\/ca\/"},{"@type":"ListItem","position":2,"name":"Visita a la Reial Acad\u00e8mia de Bones Lletres"}]},{"@type":"WebSite","@id":"https:\/\/www.fu1838.org\/ca\/#website","url":"https:\/\/www.fu1838.org\/ca\/","name":"Fundaci\u00f3n Uriach","description":"","potentialAction":[{"@type":"SearchAction","target":{"@type":"EntryPoint","urlTemplate":"https:\/\/www.fu1838.org\/ca\/?s={search_term_string}"},"query-input":{"@type":"PropertyValueSpecification","valueRequired":true,"valueName":"search_term_string"}}],"inLanguage":"ca"},{"@type":"Person","@id":"https:\/\/www.fu1838.org\/ca\/#\/schema\/person\/61780886fb76ac43acb7a25b1c12d50f","name":"EditorUriach","image":{"@type":"ImageObject","inLanguage":"ca","@id":"https:\/\/www.fu1838.org\/ca\/#\/schema\/person\/image\/","url":"https:\/\/secure.gravatar.com\/avatar\/7609de442836e3abeaae054f6527e0686e6b3935b90ac84de9ba850b0800af80?s=96&d=mm&r=g","contentUrl":"https:\/\/secure.gravatar.com\/avatar\/7609de442836e3abeaae054f6527e0686e6b3935b90ac84de9ba850b0800af80?s=96&d=mm&r=g","caption":"EditorUriach"},"url":"https:\/\/www.fu1838.org\/ca\/author\/editoruriach\/"}]}},"_links":{"self":[{"href":"https:\/\/www.fu1838.org\/ca\/wp-json\/wp\/v2\/posts\/195993","targetHints":{"allow":["GET"]}}],"collection":[{"href":"https:\/\/www.fu1838.org\/ca\/wp-json\/wp\/v2\/posts"}],"about":[{"href":"https:\/\/www.fu1838.org\/ca\/wp-json\/wp\/v2\/types\/post"}],"author":[{"embeddable":true,"href":"https:\/\/www.fu1838.org\/ca\/wp-json\/wp\/v2\/users\/6"}],"replies":[{"embeddable":true,"href":"https:\/\/www.fu1838.org\/ca\/wp-json\/wp\/v2\/comments?post=195993"}],"version-history":[{"count":3,"href":"https:\/\/www.fu1838.org\/ca\/wp-json\/wp\/v2\/posts\/195993\/revisions"}],"predecessor-version":[{"id":196058,"href":"https:\/\/www.fu1838.org\/ca\/wp-json\/wp\/v2\/posts\/195993\/revisions\/196058"}],"wp:featuredmedia":[{"embeddable":true,"href":"https:\/\/www.fu1838.org\/ca\/wp-json\/wp\/v2\/media\/195990"}],"wp:attachment":[{"href":"https:\/\/www.fu1838.org\/ca\/wp-json\/wp\/v2\/media?parent=195993"}],"wp:term":[{"taxonomy":"category","embeddable":true,"href":"https:\/\/www.fu1838.org\/ca\/wp-json\/wp\/v2\/categories?post=195993"},{"taxonomy":"post_tag","embeddable":true,"href":"https:\/\/www.fu1838.org\/ca\/wp-json\/wp\/v2\/tags?post=195993"}],"curies":[{"name":"wp","href":"https:\/\/api.w.org\/{rel}","templated":true}]}}