{"id":196019,"date":"2025-11-18T08:34:28","date_gmt":"2025-11-18T07:34:28","guid":{"rendered":"https:\/\/www.fu1838.org\/2025\/11\/18\/medalla-dor-a-titol-postum-al-dr-joan-uriach\/"},"modified":"2026-01-14T08:40:28","modified_gmt":"2026-01-14T07:40:28","slug":"medalla-dor-a-titol-postum-al-dr-joan-uriach","status":"publish","type":"post","link":"https:\/\/www.fu1838.org\/ca\/2025\/11\/18\/medalla-dor-a-titol-postum-al-dr-joan-uriach\/","title":{"rendered":"Medalla d\u2019Or a t\u00edtol p\u00f2stum al Dr. Joan Uriach"},"content":{"rendered":"\n<p>El passat 17 de novembre de 2025, el Patronat del Gran Teatre del Liceu va lliurar, a t\u00edtol p\u00f2stum, la Medalla d\u2019Or al Dr. Joan Uriach Marsal, fundador i president de la Fundaci\u00f3 Uriach, mort el desembre de 2024, en reconeixement de la seva estima i comprom\u00eds filantr\u00f2pic amb el Liceu i amb la cultura catalana en general.<\/p>\n\n<p>Empresari i mecenes amb una marcada sensibilitat art\u00edstica i cultural, va destacar per la seva estreta vinculaci\u00f3 amb el teixit empresarial, social i cultural de Barcelona, i per la seva implicaci\u00f3 activa en institucions culturals clau del pa\u00eds. La seva visi\u00f3 integradora i el seu comprom\u00eds amb el desenvolupament de la cultura i, en particular, de l\u2019\u00f2pera han deixat un llegat valu\u00f3s, que li va mer\u00e8ixer tamb\u00e9 la Creu de Sant Jordi l\u2019any 1987.<\/p>\n\n<p><\/p>\n","protected":false},"excerpt":{"rendered":"<p>El passat 17 de novembre de 2025, el Patronat del Gran Teatre del Liceu va lliurar, a t\u00edtol p\u00f2stum, la Medalla d\u2019Or al Dr. Joan Uriach Marsal, fundador i president de la Fundaci\u00f3 Uriach, mort el desembre de 2024, en reconeixement de la seva estima i comprom\u00eds filantr\u00f2pic amb el Liceu i amb la cultura [&hellip;]<\/p>\n","protected":false},"author":6,"featured_media":196016,"comment_status":"closed","ping_status":"open","sticky":false,"template":"","format":"standard","meta":{"_acf_changed":false,"footnotes":""},"categories":[68],"tags":[],"class_list":["post-196019","post","type-post","status-publish","format-standard","has-post-thumbnail","hentry","category-sin-categorizar-ca"],"acf":[],"yoast_head":"<!-- This site is optimized with the Yoast SEO plugin v24.1 - https:\/\/yoast.com\/wordpress\/plugins\/seo\/ -->\n<title>Medalla d\u2019Or a t\u00edtol p\u00f2stum al Dr. Joan Uriach - Fundaci\u00f3n Uriach<\/title>\n<meta name=\"robots\" content=\"index, follow, max-snippet:-1, max-image-preview:large, max-video-preview:-1\" \/>\n<link rel=\"canonical\" href=\"https:\/\/www.fu1838.org\/ca\/2025\/11\/18\/medalla-dor-a-titol-postum-al-dr-joan-uriach\/\" \/>\n<meta property=\"og:locale\" content=\"ca_ES\" \/>\n<meta property=\"og:type\" content=\"article\" \/>\n<meta property=\"og:title\" content=\"Medalla d\u2019Or a t\u00edtol p\u00f2stum al Dr. Joan Uriach - Fundaci\u00f3n Uriach\" \/>\n<meta property=\"og:description\" content=\"El passat 17 de novembre de 2025, el Patronat del Gran Teatre del Liceu va lliurar, a t\u00edtol p\u00f2stum, la Medalla d\u2019Or al Dr. Joan Uriach Marsal, fundador i president de la Fundaci\u00f3 Uriach, mort el desembre de 2024, en reconeixement de la seva estima i comprom\u00eds filantr\u00f2pic amb el Liceu i amb la cultura [&hellip;]\" \/>\n<meta property=\"og:url\" content=\"https:\/\/www.fu1838.org\/ca\/2025\/11\/18\/medalla-dor-a-titol-postum-al-dr-joan-uriach\/\" \/>\n<meta property=\"og:site_name\" content=\"Fundaci\u00f3n Uriach\" \/>\n<meta property=\"article:published_time\" content=\"2025-11-18T07:34:28+00:00\" \/>\n<meta property=\"article:modified_time\" content=\"2026-01-14T07:40:28+00:00\" \/>\n<meta property=\"og:image\" content=\"https:\/\/www.fu1838.org\/wp-content\/uploads\/2026\/01\/medalla-scaled.jpg\" \/>\n\t<meta property=\"og:image:width\" content=\"2560\" \/>\n\t<meta property=\"og:image:height\" content=\"1707\" \/>\n\t<meta property=\"og:image:type\" content=\"image\/jpeg\" \/>\n<meta name=\"author\" content=\"EditorUriach\" \/>\n<meta name=\"twitter:card\" content=\"summary_large_image\" \/>\n<meta name=\"twitter:label1\" content=\"Escrit per\" \/>\n\t<meta name=\"twitter:data1\" content=\"EditorUriach\" \/>\n\t<meta name=\"twitter:label2\" content=\"Temps estimat de lectura\" \/>\n\t<meta name=\"twitter:data2\" content=\"1 minut\" \/>\n<script type=\"application\/ld+json\" class=\"yoast-schema-graph\">{\"@context\":\"https:\/\/schema.org\",\"@graph\":[{\"@type\":\"WebPage\",\"@id\":\"https:\/\/www.fu1838.org\/ca\/2025\/11\/18\/medalla-dor-a-titol-postum-al-dr-joan-uriach\/\",\"url\":\"https:\/\/www.fu1838.org\/ca\/2025\/11\/18\/medalla-dor-a-titol-postum-al-dr-joan-uriach\/\",\"name\":\"Medalla d\u2019Or a t\u00edtol p\u00f2stum al Dr. Joan Uriach - Fundaci\u00f3n Uriach\",\"isPartOf\":{\"@id\":\"https:\/\/www.fu1838.org\/ca\/#website\"},\"primaryImageOfPage\":{\"@id\":\"https:\/\/www.fu1838.org\/ca\/2025\/11\/18\/medalla-dor-a-titol-postum-al-dr-joan-uriach\/#primaryimage\"},\"image\":{\"@id\":\"https:\/\/www.fu1838.org\/ca\/2025\/11\/18\/medalla-dor-a-titol-postum-al-dr-joan-uriach\/#primaryimage\"},\"thumbnailUrl\":\"https:\/\/www.fu1838.org\/wp-content\/uploads\/2026\/01\/medalla-scaled.jpg\",\"datePublished\":\"2025-11-18T07:34:28+00:00\",\"dateModified\":\"2026-01-14T07:40:28+00:00\",\"author\":{\"@id\":\"https:\/\/www.fu1838.org\/ca\/#\/schema\/person\/61780886fb76ac43acb7a25b1c12d50f\"},\"breadcrumb\":{\"@id\":\"https:\/\/www.fu1838.org\/ca\/2025\/11\/18\/medalla-dor-a-titol-postum-al-dr-joan-uriach\/#breadcrumb\"},\"inLanguage\":\"ca\",\"potentialAction\":[{\"@type\":\"ReadAction\",\"target\":[\"https:\/\/www.fu1838.org\/ca\/2025\/11\/18\/medalla-dor-a-titol-postum-al-dr-joan-uriach\/\"]}]},{\"@type\":\"ImageObject\",\"inLanguage\":\"ca\",\"@id\":\"https:\/\/www.fu1838.org\/ca\/2025\/11\/18\/medalla-dor-a-titol-postum-al-dr-joan-uriach\/#primaryimage\",\"url\":\"https:\/\/www.fu1838.org\/wp-content\/uploads\/2026\/01\/medalla-scaled.jpg\",\"contentUrl\":\"https:\/\/www.fu1838.org\/wp-content\/uploads\/2026\/01\/medalla-scaled.jpg\",\"width\":2560,\"height\":1707},{\"@type\":\"BreadcrumbList\",\"@id\":\"https:\/\/www.fu1838.org\/ca\/2025\/11\/18\/medalla-dor-a-titol-postum-al-dr-joan-uriach\/#breadcrumb\",\"itemListElement\":[{\"@type\":\"ListItem\",\"position\":1,\"name\":\"Portada\",\"item\":\"https:\/\/www.fu1838.org\/ca\/\"},{\"@type\":\"ListItem\",\"position\":2,\"name\":\"Medalla d\u2019Or a t\u00edtol p\u00f2stum al Dr. Joan Uriach\"}]},{\"@type\":\"WebSite\",\"@id\":\"https:\/\/www.fu1838.org\/ca\/#website\",\"url\":\"https:\/\/www.fu1838.org\/ca\/\",\"name\":\"Fundaci\u00f3n Uriach\",\"description\":\"\",\"potentialAction\":[{\"@type\":\"SearchAction\",\"target\":{\"@type\":\"EntryPoint\",\"urlTemplate\":\"https:\/\/www.fu1838.org\/ca\/?s={search_term_string}\"},\"query-input\":{\"@type\":\"PropertyValueSpecification\",\"valueRequired\":true,\"valueName\":\"search_term_string\"}}],\"inLanguage\":\"ca\"},{\"@type\":\"Person\",\"@id\":\"https:\/\/www.fu1838.org\/ca\/#\/schema\/person\/61780886fb76ac43acb7a25b1c12d50f\",\"name\":\"EditorUriach\",\"image\":{\"@type\":\"ImageObject\",\"inLanguage\":\"ca\",\"@id\":\"https:\/\/www.fu1838.org\/ca\/#\/schema\/person\/image\/\",\"url\":\"https:\/\/secure.gravatar.com\/avatar\/7609de442836e3abeaae054f6527e0686e6b3935b90ac84de9ba850b0800af80?s=96&d=mm&r=g\",\"contentUrl\":\"https:\/\/secure.gravatar.com\/avatar\/7609de442836e3abeaae054f6527e0686e6b3935b90ac84de9ba850b0800af80?s=96&d=mm&r=g\",\"caption\":\"EditorUriach\"},\"url\":\"https:\/\/www.fu1838.org\/ca\/author\/editoruriach\/\"}]}<\/script>\n<!-- \/ Yoast SEO plugin. -->","yoast_head_json":{"title":"Medalla d\u2019Or a t\u00edtol p\u00f2stum al Dr. Joan Uriach - Fundaci\u00f3n Uriach","robots":{"index":"index","follow":"follow","max-snippet":"max-snippet:-1","max-image-preview":"max-image-preview:large","max-video-preview":"max-video-preview:-1"},"canonical":"https:\/\/www.fu1838.org\/ca\/2025\/11\/18\/medalla-dor-a-titol-postum-al-dr-joan-uriach\/","og_locale":"ca_ES","og_type":"article","og_title":"Medalla d\u2019Or a t\u00edtol p\u00f2stum al Dr. Joan Uriach - Fundaci\u00f3n Uriach","og_description":"El passat 17 de novembre de 2025, el Patronat del Gran Teatre del Liceu va lliurar, a t\u00edtol p\u00f2stum, la Medalla d\u2019Or al Dr. Joan Uriach Marsal, fundador i president de la Fundaci\u00f3 Uriach, mort el desembre de 2024, en reconeixement de la seva estima i comprom\u00eds filantr\u00f2pic amb el Liceu i amb la cultura [&hellip;]","og_url":"https:\/\/www.fu1838.org\/ca\/2025\/11\/18\/medalla-dor-a-titol-postum-al-dr-joan-uriach\/","og_site_name":"Fundaci\u00f3n Uriach","article_published_time":"2025-11-18T07:34:28+00:00","article_modified_time":"2026-01-14T07:40:28+00:00","og_image":[{"width":2560,"height":1707,"url":"https:\/\/www.fu1838.org\/wp-content\/uploads\/2026\/01\/medalla-scaled.jpg","type":"image\/jpeg"}],"author":"EditorUriach","twitter_card":"summary_large_image","twitter_misc":{"Escrit per":"EditorUriach","Temps estimat de lectura":"1 minut"},"schema":{"@context":"https:\/\/schema.org","@graph":[{"@type":"WebPage","@id":"https:\/\/www.fu1838.org\/ca\/2025\/11\/18\/medalla-dor-a-titol-postum-al-dr-joan-uriach\/","url":"https:\/\/www.fu1838.org\/ca\/2025\/11\/18\/medalla-dor-a-titol-postum-al-dr-joan-uriach\/","name":"Medalla d\u2019Or a t\u00edtol p\u00f2stum al Dr. Joan Uriach - Fundaci\u00f3n Uriach","isPartOf":{"@id":"https:\/\/www.fu1838.org\/ca\/#website"},"primaryImageOfPage":{"@id":"https:\/\/www.fu1838.org\/ca\/2025\/11\/18\/medalla-dor-a-titol-postum-al-dr-joan-uriach\/#primaryimage"},"image":{"@id":"https:\/\/www.fu1838.org\/ca\/2025\/11\/18\/medalla-dor-a-titol-postum-al-dr-joan-uriach\/#primaryimage"},"thumbnailUrl":"https:\/\/www.fu1838.org\/wp-content\/uploads\/2026\/01\/medalla-scaled.jpg","datePublished":"2025-11-18T07:34:28+00:00","dateModified":"2026-01-14T07:40:28+00:00","author":{"@id":"https:\/\/www.fu1838.org\/ca\/#\/schema\/person\/61780886fb76ac43acb7a25b1c12d50f"},"breadcrumb":{"@id":"https:\/\/www.fu1838.org\/ca\/2025\/11\/18\/medalla-dor-a-titol-postum-al-dr-joan-uriach\/#breadcrumb"},"inLanguage":"ca","potentialAction":[{"@type":"ReadAction","target":["https:\/\/www.fu1838.org\/ca\/2025\/11\/18\/medalla-dor-a-titol-postum-al-dr-joan-uriach\/"]}]},{"@type":"ImageObject","inLanguage":"ca","@id":"https:\/\/www.fu1838.org\/ca\/2025\/11\/18\/medalla-dor-a-titol-postum-al-dr-joan-uriach\/#primaryimage","url":"https:\/\/www.fu1838.org\/wp-content\/uploads\/2026\/01\/medalla-scaled.jpg","contentUrl":"https:\/\/www.fu1838.org\/wp-content\/uploads\/2026\/01\/medalla-scaled.jpg","width":2560,"height":1707},{"@type":"BreadcrumbList","@id":"https:\/\/www.fu1838.org\/ca\/2025\/11\/18\/medalla-dor-a-titol-postum-al-dr-joan-uriach\/#breadcrumb","itemListElement":[{"@type":"ListItem","position":1,"name":"Portada","item":"https:\/\/www.fu1838.org\/ca\/"},{"@type":"ListItem","position":2,"name":"Medalla d\u2019Or a t\u00edtol p\u00f2stum al Dr. Joan Uriach"}]},{"@type":"WebSite","@id":"https:\/\/www.fu1838.org\/ca\/#website","url":"https:\/\/www.fu1838.org\/ca\/","name":"Fundaci\u00f3n Uriach","description":"","potentialAction":[{"@type":"SearchAction","target":{"@type":"EntryPoint","urlTemplate":"https:\/\/www.fu1838.org\/ca\/?s={search_term_string}"},"query-input":{"@type":"PropertyValueSpecification","valueRequired":true,"valueName":"search_term_string"}}],"inLanguage":"ca"},{"@type":"Person","@id":"https:\/\/www.fu1838.org\/ca\/#\/schema\/person\/61780886fb76ac43acb7a25b1c12d50f","name":"EditorUriach","image":{"@type":"ImageObject","inLanguage":"ca","@id":"https:\/\/www.fu1838.org\/ca\/#\/schema\/person\/image\/","url":"https:\/\/secure.gravatar.com\/avatar\/7609de442836e3abeaae054f6527e0686e6b3935b90ac84de9ba850b0800af80?s=96&d=mm&r=g","contentUrl":"https:\/\/secure.gravatar.com\/avatar\/7609de442836e3abeaae054f6527e0686e6b3935b90ac84de9ba850b0800af80?s=96&d=mm&r=g","caption":"EditorUriach"},"url":"https:\/\/www.fu1838.org\/ca\/author\/editoruriach\/"}]}},"_links":{"self":[{"href":"https:\/\/www.fu1838.org\/ca\/wp-json\/wp\/v2\/posts\/196019","targetHints":{"allow":["GET"]}}],"collection":[{"href":"https:\/\/www.fu1838.org\/ca\/wp-json\/wp\/v2\/posts"}],"about":[{"href":"https:\/\/www.fu1838.org\/ca\/wp-json\/wp\/v2\/types\/post"}],"author":[{"embeddable":true,"href":"https:\/\/www.fu1838.org\/ca\/wp-json\/wp\/v2\/users\/6"}],"replies":[{"embeddable":true,"href":"https:\/\/www.fu1838.org\/ca\/wp-json\/wp\/v2\/comments?post=196019"}],"version-history":[{"count":2,"href":"https:\/\/www.fu1838.org\/ca\/wp-json\/wp\/v2\/posts\/196019\/revisions"}],"predecessor-version":[{"id":196022,"href":"https:\/\/www.fu1838.org\/ca\/wp-json\/wp\/v2\/posts\/196019\/revisions\/196022"}],"wp:featuredmedia":[{"embeddable":true,"href":"https:\/\/www.fu1838.org\/ca\/wp-json\/wp\/v2\/media\/196016"}],"wp:attachment":[{"href":"https:\/\/www.fu1838.org\/ca\/wp-json\/wp\/v2\/media?parent=196019"}],"wp:term":[{"taxonomy":"category","embeddable":true,"href":"https:\/\/www.fu1838.org\/ca\/wp-json\/wp\/v2\/categories?post=196019"},{"taxonomy":"post_tag","embeddable":true,"href":"https:\/\/www.fu1838.org\/ca\/wp-json\/wp\/v2\/tags?post=196019"}],"curies":[{"name":"wp","href":"https:\/\/api.w.org\/{rel}","templated":true}]}}