{"id":196258,"date":"2026-01-28T10:00:11","date_gmt":"2026-01-28T09:00:11","guid":{"rendered":"https:\/\/www.fu1838.org\/2026\/01\/28\/v-jornades-nutraceutica-save-the-date\/"},"modified":"2026-01-28T12:34:46","modified_gmt":"2026-01-28T11:34:46","slug":"v-jornades-nutraceutica-save-the-date","status":"publish","type":"post","link":"https:\/\/www.fu1838.org\/ca\/2026\/01\/28\/v-jornades-nutraceutica-save-the-date\/","title":{"rendered":"V Jornades Nutrac\u00e8utica \u00a1Save the date!"},"content":{"rendered":"\n<ul class=\"wp-block-list\">\n<li><strong data-start=\"11\" data-end=\"20\">Data:<\/strong> 12 i 13 de mar\u00e7 de 2026<\/li>\n\n\n\n<li><strong data-start=\"47\" data-end=\"56\">Lloc:<\/strong> Centre Tarraconense El Seminari de Tarragona<\/li>\n<\/ul>\n\n<p>Les <strong data-start=\"109\" data-end=\"159\">Jornades de Compostos Bioactius i Nutrac\u00e8utics<\/strong> s\u00f3n una trobada cient\u00edfica de divulgaci\u00f3 d\u2019investigacions capdavanteres sobre compostos bioactius, la seva efic\u00e0cia i els mecanismes subjacents als seus efectes beneficiosos per a la salut.<\/p>\n\n<p>S\u2019hi reuneixen investigadors de prestigi que aporten perspectives cient\u00edfiques, promovent l\u2019intercanvi de coneixements i la reflexi\u00f3 sobre el present i el futur dels compostos bioactius. El programa inclou sessions especialitzades centrades en \u00e0rees estrat\u00e8giques i en les tend\u00e8ncies m\u00e9s recents en totes les fases de la recerca. Estan obertes tant a estudiants de grau, m\u00e0ster i doctorat com a professionals sanitaris i del sector industrial.<\/p>\n\n<p>Per a m\u00e9s informaci\u00f3 i inscripcions, visita el web de la <a href=\"https:\/\/www.urv.cat\/ca\/societat-empresa\/catedres\/catedra-uriach-de-nutraceutica\/jornades\/\">CUdN<\/a><\/p>\n\n<p><\/p>\n","protected":false},"excerpt":{"rendered":"<p>Les Jornades de Compostos Bioactius i Nutrac\u00e8utics s\u00f3n una trobada cient\u00edfica de divulgaci\u00f3 d\u2019investigacions capdavanteres sobre compostos bioactius, la seva efic\u00e0cia i els mecanismes subjacents als seus efectes beneficiosos per a la salut. S\u2019hi reuneixen investigadors de prestigi que aporten perspectives cient\u00edfiques, promovent l\u2019intercanvi de coneixements i la reflexi\u00f3 sobre el present i el futur [&hellip;]<\/p>\n","protected":false},"author":6,"featured_media":196279,"comment_status":"closed","ping_status":"open","sticky":false,"template":"","format":"standard","meta":{"_acf_changed":false,"footnotes":""},"categories":[68],"tags":[],"class_list":["post-196258","post","type-post","status-publish","format-standard","has-post-thumbnail","hentry","category-sin-categorizar-ca"],"acf":[],"yoast_head":"<!-- This site is optimized with the Yoast SEO plugin v24.1 - https:\/\/yoast.com\/wordpress\/plugins\/seo\/ -->\n<title>V Jornades Nutrac\u00e8utica \u00a1Save the date! - Fundaci\u00f3n Uriach<\/title>\n<meta name=\"robots\" content=\"index, follow, max-snippet:-1, max-image-preview:large, max-video-preview:-1\" \/>\n<link rel=\"canonical\" href=\"https:\/\/www.fu1838.org\/ca\/2026\/01\/28\/v-jornades-nutraceutica-save-the-date\/\" \/>\n<meta property=\"og:locale\" content=\"ca_ES\" \/>\n<meta property=\"og:type\" content=\"article\" \/>\n<meta property=\"og:title\" content=\"V Jornades Nutrac\u00e8utica \u00a1Save the date! - Fundaci\u00f3n Uriach\" \/>\n<meta property=\"og:description\" content=\"Les Jornades de Compostos Bioactius i Nutrac\u00e8utics s\u00f3n una trobada cient\u00edfica de divulgaci\u00f3 d\u2019investigacions capdavanteres sobre compostos bioactius, la seva efic\u00e0cia i els mecanismes subjacents als seus efectes beneficiosos per a la salut. S\u2019hi reuneixen investigadors de prestigi que aporten perspectives cient\u00edfiques, promovent l\u2019intercanvi de coneixements i la reflexi\u00f3 sobre el present i el futur [&hellip;]\" \/>\n<meta property=\"og:url\" content=\"https:\/\/www.fu1838.org\/ca\/2026\/01\/28\/v-jornades-nutraceutica-save-the-date\/\" \/>\n<meta property=\"og:site_name\" content=\"Fundaci\u00f3n Uriach\" \/>\n<meta property=\"article:published_time\" content=\"2026-01-28T09:00:11+00:00\" \/>\n<meta property=\"article:modified_time\" content=\"2026-01-28T11:34:46+00:00\" \/>\n<meta property=\"og:image\" content=\"https:\/\/www.fu1838.org\/wp-content\/uploads\/2026\/01\/Proposta-1-724x1024.png\" \/>\n\t<meta property=\"og:image:width\" content=\"724\" \/>\n\t<meta property=\"og:image:height\" content=\"1024\" \/>\n\t<meta property=\"og:image:type\" content=\"image\/png\" \/>\n<meta name=\"author\" content=\"EditorUriach\" \/>\n<meta name=\"twitter:card\" content=\"summary_large_image\" \/>\n<meta name=\"twitter:label1\" content=\"Escrit per\" \/>\n\t<meta name=\"twitter:data1\" content=\"EditorUriach\" \/>\n\t<meta name=\"twitter:label2\" content=\"Temps estimat de lectura\" \/>\n\t<meta name=\"twitter:data2\" content=\"1 minut\" \/>\n<script type=\"application\/ld+json\" class=\"yoast-schema-graph\">{\"@context\":\"https:\/\/schema.org\",\"@graph\":[{\"@type\":\"WebPage\",\"@id\":\"https:\/\/www.fu1838.org\/ca\/2026\/01\/28\/v-jornades-nutraceutica-save-the-date\/\",\"url\":\"https:\/\/www.fu1838.org\/ca\/2026\/01\/28\/v-jornades-nutraceutica-save-the-date\/\",\"name\":\"V Jornades Nutrac\u00e8utica \u00a1Save the date! - Fundaci\u00f3n Uriach\",\"isPartOf\":{\"@id\":\"https:\/\/www.fu1838.org\/ca\/#website\"},\"primaryImageOfPage\":{\"@id\":\"https:\/\/www.fu1838.org\/ca\/2026\/01\/28\/v-jornades-nutraceutica-save-the-date\/#primaryimage\"},\"image\":{\"@id\":\"https:\/\/www.fu1838.org\/ca\/2026\/01\/28\/v-jornades-nutraceutica-save-the-date\/#primaryimage\"},\"thumbnailUrl\":\"https:\/\/www.fu1838.org\/wp-content\/uploads\/2026\/01\/Proposta-1.png\",\"datePublished\":\"2026-01-28T09:00:11+00:00\",\"dateModified\":\"2026-01-28T11:34:46+00:00\",\"author\":{\"@id\":\"https:\/\/www.fu1838.org\/ca\/#\/schema\/person\/61780886fb76ac43acb7a25b1c12d50f\"},\"breadcrumb\":{\"@id\":\"https:\/\/www.fu1838.org\/ca\/2026\/01\/28\/v-jornades-nutraceutica-save-the-date\/#breadcrumb\"},\"inLanguage\":\"ca\",\"potentialAction\":[{\"@type\":\"ReadAction\",\"target\":[\"https:\/\/www.fu1838.org\/ca\/2026\/01\/28\/v-jornades-nutraceutica-save-the-date\/\"]}]},{\"@type\":\"ImageObject\",\"inLanguage\":\"ca\",\"@id\":\"https:\/\/www.fu1838.org\/ca\/2026\/01\/28\/v-jornades-nutraceutica-save-the-date\/#primaryimage\",\"url\":\"https:\/\/www.fu1838.org\/wp-content\/uploads\/2026\/01\/Proposta-1.png\",\"contentUrl\":\"https:\/\/www.fu1838.org\/wp-content\/uploads\/2026\/01\/Proposta-1.png\",\"width\":1587,\"height\":2245},{\"@type\":\"BreadcrumbList\",\"@id\":\"https:\/\/www.fu1838.org\/ca\/2026\/01\/28\/v-jornades-nutraceutica-save-the-date\/#breadcrumb\",\"itemListElement\":[{\"@type\":\"ListItem\",\"position\":1,\"name\":\"Portada\",\"item\":\"https:\/\/www.fu1838.org\/ca\/\"},{\"@type\":\"ListItem\",\"position\":2,\"name\":\"V Jornades Nutrac\u00e8utica \u00a1Save the date!\"}]},{\"@type\":\"WebSite\",\"@id\":\"https:\/\/www.fu1838.org\/ca\/#website\",\"url\":\"https:\/\/www.fu1838.org\/ca\/\",\"name\":\"Fundaci\u00f3n Uriach\",\"description\":\"\",\"potentialAction\":[{\"@type\":\"SearchAction\",\"target\":{\"@type\":\"EntryPoint\",\"urlTemplate\":\"https:\/\/www.fu1838.org\/ca\/?s={search_term_string}\"},\"query-input\":{\"@type\":\"PropertyValueSpecification\",\"valueRequired\":true,\"valueName\":\"search_term_string\"}}],\"inLanguage\":\"ca\"},{\"@type\":\"Person\",\"@id\":\"https:\/\/www.fu1838.org\/ca\/#\/schema\/person\/61780886fb76ac43acb7a25b1c12d50f\",\"name\":\"EditorUriach\",\"image\":{\"@type\":\"ImageObject\",\"inLanguage\":\"ca\",\"@id\":\"https:\/\/www.fu1838.org\/ca\/#\/schema\/person\/image\/\",\"url\":\"https:\/\/secure.gravatar.com\/avatar\/7609de442836e3abeaae054f6527e0686e6b3935b90ac84de9ba850b0800af80?s=96&d=mm&r=g\",\"contentUrl\":\"https:\/\/secure.gravatar.com\/avatar\/7609de442836e3abeaae054f6527e0686e6b3935b90ac84de9ba850b0800af80?s=96&d=mm&r=g\",\"caption\":\"EditorUriach\"},\"url\":\"https:\/\/www.fu1838.org\/ca\/author\/editoruriach\/\"}]}<\/script>\n<!-- \/ Yoast SEO plugin. -->","yoast_head_json":{"title":"V Jornades Nutrac\u00e8utica \u00a1Save the date! - Fundaci\u00f3n Uriach","robots":{"index":"index","follow":"follow","max-snippet":"max-snippet:-1","max-image-preview":"max-image-preview:large","max-video-preview":"max-video-preview:-1"},"canonical":"https:\/\/www.fu1838.org\/ca\/2026\/01\/28\/v-jornades-nutraceutica-save-the-date\/","og_locale":"ca_ES","og_type":"article","og_title":"V Jornades Nutrac\u00e8utica \u00a1Save the date! - Fundaci\u00f3n Uriach","og_description":"Les Jornades de Compostos Bioactius i Nutrac\u00e8utics s\u00f3n una trobada cient\u00edfica de divulgaci\u00f3 d\u2019investigacions capdavanteres sobre compostos bioactius, la seva efic\u00e0cia i els mecanismes subjacents als seus efectes beneficiosos per a la salut. S\u2019hi reuneixen investigadors de prestigi que aporten perspectives cient\u00edfiques, promovent l\u2019intercanvi de coneixements i la reflexi\u00f3 sobre el present i el futur [&hellip;]","og_url":"https:\/\/www.fu1838.org\/ca\/2026\/01\/28\/v-jornades-nutraceutica-save-the-date\/","og_site_name":"Fundaci\u00f3n Uriach","article_published_time":"2026-01-28T09:00:11+00:00","article_modified_time":"2026-01-28T11:34:46+00:00","og_image":[{"width":724,"height":1024,"url":"https:\/\/www.fu1838.org\/wp-content\/uploads\/2026\/01\/Proposta-1-724x1024.png","type":"image\/png"}],"author":"EditorUriach","twitter_card":"summary_large_image","twitter_misc":{"Escrit per":"EditorUriach","Temps estimat de lectura":"1 minut"},"schema":{"@context":"https:\/\/schema.org","@graph":[{"@type":"WebPage","@id":"https:\/\/www.fu1838.org\/ca\/2026\/01\/28\/v-jornades-nutraceutica-save-the-date\/","url":"https:\/\/www.fu1838.org\/ca\/2026\/01\/28\/v-jornades-nutraceutica-save-the-date\/","name":"V Jornades Nutrac\u00e8utica \u00a1Save the date! - Fundaci\u00f3n Uriach","isPartOf":{"@id":"https:\/\/www.fu1838.org\/ca\/#website"},"primaryImageOfPage":{"@id":"https:\/\/www.fu1838.org\/ca\/2026\/01\/28\/v-jornades-nutraceutica-save-the-date\/#primaryimage"},"image":{"@id":"https:\/\/www.fu1838.org\/ca\/2026\/01\/28\/v-jornades-nutraceutica-save-the-date\/#primaryimage"},"thumbnailUrl":"https:\/\/www.fu1838.org\/wp-content\/uploads\/2026\/01\/Proposta-1.png","datePublished":"2026-01-28T09:00:11+00:00","dateModified":"2026-01-28T11:34:46+00:00","author":{"@id":"https:\/\/www.fu1838.org\/ca\/#\/schema\/person\/61780886fb76ac43acb7a25b1c12d50f"},"breadcrumb":{"@id":"https:\/\/www.fu1838.org\/ca\/2026\/01\/28\/v-jornades-nutraceutica-save-the-date\/#breadcrumb"},"inLanguage":"ca","potentialAction":[{"@type":"ReadAction","target":["https:\/\/www.fu1838.org\/ca\/2026\/01\/28\/v-jornades-nutraceutica-save-the-date\/"]}]},{"@type":"ImageObject","inLanguage":"ca","@id":"https:\/\/www.fu1838.org\/ca\/2026\/01\/28\/v-jornades-nutraceutica-save-the-date\/#primaryimage","url":"https:\/\/www.fu1838.org\/wp-content\/uploads\/2026\/01\/Proposta-1.png","contentUrl":"https:\/\/www.fu1838.org\/wp-content\/uploads\/2026\/01\/Proposta-1.png","width":1587,"height":2245},{"@type":"BreadcrumbList","@id":"https:\/\/www.fu1838.org\/ca\/2026\/01\/28\/v-jornades-nutraceutica-save-the-date\/#breadcrumb","itemListElement":[{"@type":"ListItem","position":1,"name":"Portada","item":"https:\/\/www.fu1838.org\/ca\/"},{"@type":"ListItem","position":2,"name":"V Jornades Nutrac\u00e8utica \u00a1Save the date!"}]},{"@type":"WebSite","@id":"https:\/\/www.fu1838.org\/ca\/#website","url":"https:\/\/www.fu1838.org\/ca\/","name":"Fundaci\u00f3n Uriach","description":"","potentialAction":[{"@type":"SearchAction","target":{"@type":"EntryPoint","urlTemplate":"https:\/\/www.fu1838.org\/ca\/?s={search_term_string}"},"query-input":{"@type":"PropertyValueSpecification","valueRequired":true,"valueName":"search_term_string"}}],"inLanguage":"ca"},{"@type":"Person","@id":"https:\/\/www.fu1838.org\/ca\/#\/schema\/person\/61780886fb76ac43acb7a25b1c12d50f","name":"EditorUriach","image":{"@type":"ImageObject","inLanguage":"ca","@id":"https:\/\/www.fu1838.org\/ca\/#\/schema\/person\/image\/","url":"https:\/\/secure.gravatar.com\/avatar\/7609de442836e3abeaae054f6527e0686e6b3935b90ac84de9ba850b0800af80?s=96&d=mm&r=g","contentUrl":"https:\/\/secure.gravatar.com\/avatar\/7609de442836e3abeaae054f6527e0686e6b3935b90ac84de9ba850b0800af80?s=96&d=mm&r=g","caption":"EditorUriach"},"url":"https:\/\/www.fu1838.org\/ca\/author\/editoruriach\/"}]}},"_links":{"self":[{"href":"https:\/\/www.fu1838.org\/ca\/wp-json\/wp\/v2\/posts\/196258","targetHints":{"allow":["GET"]}}],"collection":[{"href":"https:\/\/www.fu1838.org\/ca\/wp-json\/wp\/v2\/posts"}],"about":[{"href":"https:\/\/www.fu1838.org\/ca\/wp-json\/wp\/v2\/types\/post"}],"author":[{"embeddable":true,"href":"https:\/\/www.fu1838.org\/ca\/wp-json\/wp\/v2\/users\/6"}],"replies":[{"embeddable":true,"href":"https:\/\/www.fu1838.org\/ca\/wp-json\/wp\/v2\/comments?post=196258"}],"version-history":[{"count":1,"href":"https:\/\/www.fu1838.org\/ca\/wp-json\/wp\/v2\/posts\/196258\/revisions"}],"predecessor-version":[{"id":196259,"href":"https:\/\/www.fu1838.org\/ca\/wp-json\/wp\/v2\/posts\/196258\/revisions\/196259"}],"wp:featuredmedia":[{"embeddable":true,"href":"https:\/\/www.fu1838.org\/ca\/wp-json\/wp\/v2\/media\/196279"}],"wp:attachment":[{"href":"https:\/\/www.fu1838.org\/ca\/wp-json\/wp\/v2\/media?parent=196258"}],"wp:term":[{"taxonomy":"category","embeddable":true,"href":"https:\/\/www.fu1838.org\/ca\/wp-json\/wp\/v2\/categories?post=196258"},{"taxonomy":"post_tag","embeddable":true,"href":"https:\/\/www.fu1838.org\/ca\/wp-json\/wp\/v2\/tags?post=196258"}],"curies":[{"name":"wp","href":"https:\/\/api.w.org\/{rel}","templated":true}]}}