{"id":7129,"date":"2024-12-05T14:22:12","date_gmt":"2024-12-05T13:22:12","guid":{"rendered":"https:\/\/www.fu1838.org\/2024\/12\/05\/exposicio-uriach-on-fire\/"},"modified":"2026-01-16T11:23:36","modified_gmt":"2026-01-16T10:23:36","slug":"exposicio-uriach-on-fire","status":"publish","type":"post","link":"https:\/\/www.fu1838.org\/ca\/2024\/12\/05\/exposicio-uriach-on-fire\/","title":{"rendered":"Exposici\u00f3 \u201cUriach on Fire\u201d"},"content":{"rendered":"\n<p>Dins del cicle d\u2019exposicions, el passat 11 de novembre de 2024, la Fundaci\u00f3 Uriach va inaugurar l\u2019exposici\u00f3 \u201cUriach on Fire: el gran incendi de 1889\u201d a les instal\u00b7lacions de Sant Cugat del Vall\u00e8s.<\/p>\n\n<p>La mostra se centra en el gran incendi que va patir Uriach a finals del segle XIX, una cat\u00e0strofe que va tenir lloc als magatzems de les instal\u00b7lacions que la companyia tenia als baixos del Palau Dalmases, un edifici g\u00f2tic emblem\u00e0tic situat al n\u00famero 20 del carrer Montcada, al centre hist\u00f2ric de Barcelona.<\/p>\n\n<p>Aquest devastador incendi, que va estar a punt d&#8217;acabar amb la companyia, va causar un gran impacte a la societat de l&#8217;\u00e8poca a causa de la brutalitat i els danys que va provocar.<\/p>\n","protected":false},"excerpt":{"rendered":"<p>Dins del cicle d\u2019exposicions, el passat 11 de novembre de 2024, la Fundaci\u00f3 Uriach va inaugurar l\u2019exposici\u00f3 \u201cUriach on Fire: el gran incendi de 1889\u201d a les instal\u00b7lacions de Sant Cugat del Vall\u00e8s. La mostra se centra en el gran incendi que va patir Uriach a finals del segle XIX, una cat\u00e0strofe que va tenir [&hellip;]<\/p>\n","protected":false},"author":4,"featured_media":195950,"comment_status":"closed","ping_status":"open","sticky":false,"template":"","format":"standard","meta":{"_acf_changed":false,"footnotes":""},"categories":[68],"tags":[],"class_list":["post-7129","post","type-post","status-publish","format-standard","has-post-thumbnail","hentry","category-sin-categorizar-ca"],"acf":[],"yoast_head":"<!-- This site is optimized with the Yoast SEO plugin v24.1 - https:\/\/yoast.com\/wordpress\/plugins\/seo\/ -->\n<title>Exposici\u00f3 \u201cUriach on Fire\u201d - Fundaci\u00f3n Uriach<\/title>\n<meta name=\"robots\" content=\"index, follow, max-snippet:-1, max-image-preview:large, max-video-preview:-1\" \/>\n<link rel=\"canonical\" href=\"https:\/\/www.fu1838.org\/ca\/2024\/12\/05\/exposicio-uriach-on-fire\/\" \/>\n<meta property=\"og:locale\" content=\"ca_ES\" \/>\n<meta property=\"og:type\" content=\"article\" \/>\n<meta property=\"og:title\" content=\"Exposici\u00f3 \u201cUriach on Fire\u201d - Fundaci\u00f3n Uriach\" \/>\n<meta property=\"og:description\" content=\"Dins del cicle d\u2019exposicions, el passat 11 de novembre de 2024, la Fundaci\u00f3 Uriach va inaugurar l\u2019exposici\u00f3 \u201cUriach on Fire: el gran incendi de 1889\u201d a les instal\u00b7lacions de Sant Cugat del Vall\u00e8s. La mostra se centra en el gran incendi que va patir Uriach a finals del segle XIX, una cat\u00e0strofe que va tenir [&hellip;]\" \/>\n<meta property=\"og:url\" content=\"https:\/\/www.fu1838.org\/ca\/2024\/12\/05\/exposicio-uriach-on-fire\/\" \/>\n<meta property=\"og:site_name\" content=\"Fundaci\u00f3n Uriach\" \/>\n<meta property=\"article:published_time\" content=\"2024-12-05T13:22:12+00:00\" \/>\n<meta property=\"article:modified_time\" content=\"2026-01-16T10:23:36+00:00\" \/>\n<meta property=\"og:image\" content=\"https:\/\/www.fu1838.org\/wp-content\/uploads\/2024\/12\/UriachOnFire_3-1.jpg\" \/>\n\t<meta property=\"og:image:width\" content=\"768\" \/>\n\t<meta property=\"og:image:height\" content=\"1024\" \/>\n\t<meta property=\"og:image:type\" content=\"image\/jpeg\" \/>\n<meta name=\"author\" content=\"developers@ohmm.es\" \/>\n<meta name=\"twitter:card\" content=\"summary_large_image\" \/>\n<meta name=\"twitter:label1\" content=\"Escrit per\" \/>\n\t<meta name=\"twitter:data1\" content=\"developers@ohmm.es\" \/>\n\t<meta name=\"twitter:label2\" content=\"Temps estimat de lectura\" \/>\n\t<meta name=\"twitter:data2\" content=\"1 minut\" \/>\n<script type=\"application\/ld+json\" class=\"yoast-schema-graph\">{\"@context\":\"https:\/\/schema.org\",\"@graph\":[{\"@type\":\"WebPage\",\"@id\":\"https:\/\/www.fu1838.org\/ca\/2024\/12\/05\/exposicio-uriach-on-fire\/\",\"url\":\"https:\/\/www.fu1838.org\/ca\/2024\/12\/05\/exposicio-uriach-on-fire\/\",\"name\":\"Exposici\u00f3 \u201cUriach on Fire\u201d - Fundaci\u00f3n Uriach\",\"isPartOf\":{\"@id\":\"https:\/\/www.fu1838.org\/ca\/#website\"},\"primaryImageOfPage\":{\"@id\":\"https:\/\/www.fu1838.org\/ca\/2024\/12\/05\/exposicio-uriach-on-fire\/#primaryimage\"},\"image\":{\"@id\":\"https:\/\/www.fu1838.org\/ca\/2024\/12\/05\/exposicio-uriach-on-fire\/#primaryimage\"},\"thumbnailUrl\":\"https:\/\/www.fu1838.org\/wp-content\/uploads\/2024\/12\/UriachOnFire_3-1.jpg\",\"datePublished\":\"2024-12-05T13:22:12+00:00\",\"dateModified\":\"2026-01-16T10:23:36+00:00\",\"author\":{\"@id\":\"https:\/\/www.fu1838.org\/ca\/#\/schema\/person\/e2287a67ef443cae3fd36e2bf9799d89\"},\"breadcrumb\":{\"@id\":\"https:\/\/www.fu1838.org\/ca\/2024\/12\/05\/exposicio-uriach-on-fire\/#breadcrumb\"},\"inLanguage\":\"ca\",\"potentialAction\":[{\"@type\":\"ReadAction\",\"target\":[\"https:\/\/www.fu1838.org\/ca\/2024\/12\/05\/exposicio-uriach-on-fire\/\"]}]},{\"@type\":\"ImageObject\",\"inLanguage\":\"ca\",\"@id\":\"https:\/\/www.fu1838.org\/ca\/2024\/12\/05\/exposicio-uriach-on-fire\/#primaryimage\",\"url\":\"https:\/\/www.fu1838.org\/wp-content\/uploads\/2024\/12\/UriachOnFire_3-1.jpg\",\"contentUrl\":\"https:\/\/www.fu1838.org\/wp-content\/uploads\/2024\/12\/UriachOnFire_3-1.jpg\",\"width\":768,\"height\":1024},{\"@type\":\"BreadcrumbList\",\"@id\":\"https:\/\/www.fu1838.org\/ca\/2024\/12\/05\/exposicio-uriach-on-fire\/#breadcrumb\",\"itemListElement\":[{\"@type\":\"ListItem\",\"position\":1,\"name\":\"Portada\",\"item\":\"https:\/\/www.fu1838.org\/ca\/\"},{\"@type\":\"ListItem\",\"position\":2,\"name\":\"Exposici\u00f3 \u201cUriach on Fire\u201d\"}]},{\"@type\":\"WebSite\",\"@id\":\"https:\/\/www.fu1838.org\/ca\/#website\",\"url\":\"https:\/\/www.fu1838.org\/ca\/\",\"name\":\"Fundaci\u00f3n Uriach\",\"description\":\"\",\"potentialAction\":[{\"@type\":\"SearchAction\",\"target\":{\"@type\":\"EntryPoint\",\"urlTemplate\":\"https:\/\/www.fu1838.org\/ca\/?s={search_term_string}\"},\"query-input\":{\"@type\":\"PropertyValueSpecification\",\"valueRequired\":true,\"valueName\":\"search_term_string\"}}],\"inLanguage\":\"ca\"},{\"@type\":\"Person\",\"@id\":\"https:\/\/www.fu1838.org\/ca\/#\/schema\/person\/e2287a67ef443cae3fd36e2bf9799d89\",\"name\":\"developers@ohmm.es\",\"image\":{\"@type\":\"ImageObject\",\"inLanguage\":\"ca\",\"@id\":\"https:\/\/www.fu1838.org\/ca\/#\/schema\/person\/image\/\",\"url\":\"https:\/\/secure.gravatar.com\/avatar\/4f579370a525fa8d07e91c63b2d77a0375143c7899e534e7892a29626fa2a960?s=96&d=mm&r=g\",\"contentUrl\":\"https:\/\/secure.gravatar.com\/avatar\/4f579370a525fa8d07e91c63b2d77a0375143c7899e534e7892a29626fa2a960?s=96&d=mm&r=g\",\"caption\":\"developers@ohmm.es\"},\"url\":\"https:\/\/www.fu1838.org\/ca\/author\/developersohmm-es\/\"}]}<\/script>\n<!-- \/ Yoast SEO plugin. -->","yoast_head_json":{"title":"Exposici\u00f3 \u201cUriach on Fire\u201d - Fundaci\u00f3n Uriach","robots":{"index":"index","follow":"follow","max-snippet":"max-snippet:-1","max-image-preview":"max-image-preview:large","max-video-preview":"max-video-preview:-1"},"canonical":"https:\/\/www.fu1838.org\/ca\/2024\/12\/05\/exposicio-uriach-on-fire\/","og_locale":"ca_ES","og_type":"article","og_title":"Exposici\u00f3 \u201cUriach on Fire\u201d - Fundaci\u00f3n Uriach","og_description":"Dins del cicle d\u2019exposicions, el passat 11 de novembre de 2024, la Fundaci\u00f3 Uriach va inaugurar l\u2019exposici\u00f3 \u201cUriach on Fire: el gran incendi de 1889\u201d a les instal\u00b7lacions de Sant Cugat del Vall\u00e8s. La mostra se centra en el gran incendi que va patir Uriach a finals del segle XIX, una cat\u00e0strofe que va tenir [&hellip;]","og_url":"https:\/\/www.fu1838.org\/ca\/2024\/12\/05\/exposicio-uriach-on-fire\/","og_site_name":"Fundaci\u00f3n Uriach","article_published_time":"2024-12-05T13:22:12+00:00","article_modified_time":"2026-01-16T10:23:36+00:00","og_image":[{"width":768,"height":1024,"url":"https:\/\/www.fu1838.org\/wp-content\/uploads\/2024\/12\/UriachOnFire_3-1.jpg","type":"image\/jpeg"}],"author":"developers@ohmm.es","twitter_card":"summary_large_image","twitter_misc":{"Escrit per":"developers@ohmm.es","Temps estimat de lectura":"1 minut"},"schema":{"@context":"https:\/\/schema.org","@graph":[{"@type":"WebPage","@id":"https:\/\/www.fu1838.org\/ca\/2024\/12\/05\/exposicio-uriach-on-fire\/","url":"https:\/\/www.fu1838.org\/ca\/2024\/12\/05\/exposicio-uriach-on-fire\/","name":"Exposici\u00f3 \u201cUriach on Fire\u201d - Fundaci\u00f3n Uriach","isPartOf":{"@id":"https:\/\/www.fu1838.org\/ca\/#website"},"primaryImageOfPage":{"@id":"https:\/\/www.fu1838.org\/ca\/2024\/12\/05\/exposicio-uriach-on-fire\/#primaryimage"},"image":{"@id":"https:\/\/www.fu1838.org\/ca\/2024\/12\/05\/exposicio-uriach-on-fire\/#primaryimage"},"thumbnailUrl":"https:\/\/www.fu1838.org\/wp-content\/uploads\/2024\/12\/UriachOnFire_3-1.jpg","datePublished":"2024-12-05T13:22:12+00:00","dateModified":"2026-01-16T10:23:36+00:00","author":{"@id":"https:\/\/www.fu1838.org\/ca\/#\/schema\/person\/e2287a67ef443cae3fd36e2bf9799d89"},"breadcrumb":{"@id":"https:\/\/www.fu1838.org\/ca\/2024\/12\/05\/exposicio-uriach-on-fire\/#breadcrumb"},"inLanguage":"ca","potentialAction":[{"@type":"ReadAction","target":["https:\/\/www.fu1838.org\/ca\/2024\/12\/05\/exposicio-uriach-on-fire\/"]}]},{"@type":"ImageObject","inLanguage":"ca","@id":"https:\/\/www.fu1838.org\/ca\/2024\/12\/05\/exposicio-uriach-on-fire\/#primaryimage","url":"https:\/\/www.fu1838.org\/wp-content\/uploads\/2024\/12\/UriachOnFire_3-1.jpg","contentUrl":"https:\/\/www.fu1838.org\/wp-content\/uploads\/2024\/12\/UriachOnFire_3-1.jpg","width":768,"height":1024},{"@type":"BreadcrumbList","@id":"https:\/\/www.fu1838.org\/ca\/2024\/12\/05\/exposicio-uriach-on-fire\/#breadcrumb","itemListElement":[{"@type":"ListItem","position":1,"name":"Portada","item":"https:\/\/www.fu1838.org\/ca\/"},{"@type":"ListItem","position":2,"name":"Exposici\u00f3 \u201cUriach on Fire\u201d"}]},{"@type":"WebSite","@id":"https:\/\/www.fu1838.org\/ca\/#website","url":"https:\/\/www.fu1838.org\/ca\/","name":"Fundaci\u00f3n Uriach","description":"","potentialAction":[{"@type":"SearchAction","target":{"@type":"EntryPoint","urlTemplate":"https:\/\/www.fu1838.org\/ca\/?s={search_term_string}"},"query-input":{"@type":"PropertyValueSpecification","valueRequired":true,"valueName":"search_term_string"}}],"inLanguage":"ca"},{"@type":"Person","@id":"https:\/\/www.fu1838.org\/ca\/#\/schema\/person\/e2287a67ef443cae3fd36e2bf9799d89","name":"developers@ohmm.es","image":{"@type":"ImageObject","inLanguage":"ca","@id":"https:\/\/www.fu1838.org\/ca\/#\/schema\/person\/image\/","url":"https:\/\/secure.gravatar.com\/avatar\/4f579370a525fa8d07e91c63b2d77a0375143c7899e534e7892a29626fa2a960?s=96&d=mm&r=g","contentUrl":"https:\/\/secure.gravatar.com\/avatar\/4f579370a525fa8d07e91c63b2d77a0375143c7899e534e7892a29626fa2a960?s=96&d=mm&r=g","caption":"developers@ohmm.es"},"url":"https:\/\/www.fu1838.org\/ca\/author\/developersohmm-es\/"}]}},"_links":{"self":[{"href":"https:\/\/www.fu1838.org\/ca\/wp-json\/wp\/v2\/posts\/7129","targetHints":{"allow":["GET"]}}],"collection":[{"href":"https:\/\/www.fu1838.org\/ca\/wp-json\/wp\/v2\/posts"}],"about":[{"href":"https:\/\/www.fu1838.org\/ca\/wp-json\/wp\/v2\/types\/post"}],"author":[{"embeddable":true,"href":"https:\/\/www.fu1838.org\/ca\/wp-json\/wp\/v2\/users\/4"}],"replies":[{"embeddable":true,"href":"https:\/\/www.fu1838.org\/ca\/wp-json\/wp\/v2\/comments?post=7129"}],"version-history":[{"count":1,"href":"https:\/\/www.fu1838.org\/ca\/wp-json\/wp\/v2\/posts\/7129\/revisions"}],"predecessor-version":[{"id":7130,"href":"https:\/\/www.fu1838.org\/ca\/wp-json\/wp\/v2\/posts\/7129\/revisions\/7130"}],"wp:featuredmedia":[{"embeddable":true,"href":"https:\/\/www.fu1838.org\/ca\/wp-json\/wp\/v2\/media\/195950"}],"wp:attachment":[{"href":"https:\/\/www.fu1838.org\/ca\/wp-json\/wp\/v2\/media?parent=7129"}],"wp:term":[{"taxonomy":"category","embeddable":true,"href":"https:\/\/www.fu1838.org\/ca\/wp-json\/wp\/v2\/categories?post=7129"},{"taxonomy":"post_tag","embeddable":true,"href":"https:\/\/www.fu1838.org\/ca\/wp-json\/wp\/v2\/tags?post=7129"}],"curies":[{"name":"wp","href":"https:\/\/api.w.org\/{rel}","templated":true}]}}